{"id":929,"date":"2018-08-14T10:58:30","date_gmt":"2018-08-14T08:58:30","guid":{"rendered":"https:\/\/oja-kreuzlingen.ch\/?p=929"},"modified":"2018-08-14T10:59:57","modified_gmt":"2018-08-14T08:59:57","slug":"loewenstrassenfest-2018","status":"publish","type":"post","link":"https:\/\/oja-kreuzlingen.ch\/index.php\/2018\/08\/14\/loewenstrassenfest-2018\/","title":{"rendered":"L\u00f6wenstrassenfest 2018"},"content":{"rendered":"<p>Juhu, wir sind wieder mit dabei!<br \/>\nAm <strong>Freitag den 17.08.2018<\/strong> sind wir wieder mit einem <strong>\u201cChill-Out-Stand\u201c<\/strong> f\u00fcr Jugendliche am L\u00f6wenstrassenfest mit dabei!<br \/>\nDrinks &amp; Sound nur f\u00fcr Euch. Wir freuen uns sehr und begr\u00fcssen alle 12-16 J\u00e4hrige an unserem Stand.<\/p>\n<p>Euer OJA Team<\/p>\n<p>&nbsp;<\/p>\n","protected":false},"excerpt":{"rendered":"<p>Juhu, wir sind wieder mit dabei! Am Freitag den 17.08.2018 sind wir wieder mit einem \u201cChill-Out-Stand\u201c f\u00fcr Jugendliche am L\u00f6wenstrassenfest mit dabei! Drinks &amp; Sound nur f\u00fcr Euch. Wir freuen uns sehr und begr\u00fcssen alle 12-16 J\u00e4hrige an unserem Stand. Euer OJA Team &nbsp;<\/p>\n","protected":false},"author":4,"featured_media":0,"comment_status":"closed","ping_status":"closed","sticky":false,"template":"","format":"standard","meta":{"footnotes":""},"categories":[3],"tags":[],"class_list":["post-929","post","type-post","status-publish","format-standard","hentry","category-home"],"_links":{"self":[{"href":"https:\/\/oja-kreuzlingen.ch\/index.php\/wp-json\/wp\/v2\/posts\/929","targetHints":{"allow":["GET"]}}],"collection":[{"href":"https:\/\/oja-kreuzlingen.ch\/index.php\/wp-json\/wp\/v2\/posts"}],"about":[{"href":"https:\/\/oja-kreuzlingen.ch\/index.php\/wp-json\/wp\/v2\/types\/post"}],"author":[{"embeddable":true,"href":"https:\/\/oja-kreuzlingen.ch\/index.php\/wp-json\/wp\/v2\/users\/4"}],"replies":[{"embeddable":true,"href":"https:\/\/oja-kreuzlingen.ch\/index.php\/wp-json\/wp\/v2\/comments?post=929"}],"version-history":[{"count":2,"href":"https:\/\/oja-kreuzlingen.ch\/index.php\/wp-json\/wp\/v2\/posts\/929\/revisions"}],"predecessor-version":[{"id":932,"href":"https:\/\/oja-kreuzlingen.ch\/index.php\/wp-json\/wp\/v2\/posts\/929\/revisions\/932"}],"wp:attachment":[{"href":"https:\/\/oja-kreuzlingen.ch\/index.php\/wp-json\/wp\/v2\/media?parent=929"}],"wp:term":[{"taxonomy":"category","embeddable":true,"href":"https:\/\/oja-kreuzlingen.ch\/index.php\/wp-json\/wp\/v2\/categories?post=929"},{"taxonomy":"post_tag","embeddable":true,"href":"https:\/\/oja-kreuzlingen.ch\/index.php\/wp-json\/wp\/v2\/tags?post=929"}],"curies":[{"name":"wp","href":"https:\/\/api.w.org\/{rel}","templated":true}]}}